{"id":14173,"date":"2025-03-10T10:17:15","date_gmt":"2025-03-10T09:17:15","guid":{"rendered":"https:\/\/artinoffice.org\/?p=14173"},"modified":"2025-03-12T12:32:40","modified_gmt":"2025-03-12T11:32:40","slug":"horvath-tamas-istvan","status":"publish","type":"post","link":"https:\/\/artinoffice.org\/hu\/2025\/03\/10\/horvath-tamas-istvan\/","title":{"rendered":"Horv\u00e1th Tam\u00e1s Istv\u00e1n"},"content":{"rendered":"<section class=\"l-section wpb_row us_custom_8b3d6790 has_text_color height_medium full_height valign_center with_img parallax_ver\"><div class=\"l-section-img\" data-img-width=\"1920\" data-img-height=\"1080\" style=\"background-image: url(https:\/\/artinoffice.org\/wp-content\/uploads\/2025\/03\/horvath-tamas-istvan-header-fhd.webp);background-repeat: no-repeat;\"><\/div><div class=\"l-section-overlay\" style=\"background:rgba(37,40,43,0.60)\"><\/div><div class=\"l-section-h i-cf\"><div class=\"g-cols vc_row via_flex valign_middle type_default stacking_default\"><div class=\"vc_col-sm-6 wpb_column vc_column_container\"><div class=\"vc_column-inner\"><div class=\"wpb_wrapper\"><\/div><\/div><\/div><div class=\"vc_col-sm-6 wpb_column vc_column_container\"><div class=\"vc_column-inner us_custom_d77bca1a us_animate_this\"><div class=\"wpb_wrapper\">[vc_custom_heading text=&#8221;Horv\u00e1th Tam\u00e1s Istv\u00e1n&#8221; font_container=&#8221;tag:h3|text_align:left&#8221; use_theme_fonts=&#8221;yes&#8221; css=&#8221;%7B%22default%22%3A%7B%22font-weight%22%3A%22700%22%7D%7D&#8221;]<div class=\"wpb_text_column us_custom_f68d8aa1\"><div class=\"wpb_wrapper\"><p style=\"text-align: justify;\">K\u00eds\u00e9rletez\u0151 alkatk\u00e9nt k\u00fcl\u00f6nb\u00f6z\u0151 technik\u00e1kat, l\u00e1t\u00e1sm\u00f3dokat volt szerencs\u00e9m kipr\u00f3b\u00e1lni a hossz\u00fa \u00e9vek sor\u00e1n.<\/p>\n<p style=\"text-align: justify;\">Tanulm\u00e1nyaim alatt sok mindent megtapasztaltam a v\u00e1ltozatos anyagok, hordoz\u00f3k viselked\u00e9s\u00e9r\u0151l.<\/p>\n<p style=\"text-align: justify;\">\u00dcveggel, ker\u00e1mi\u00e1val, szobr\u00e1szattal, grafik\u00e1val \u00e9s fest\u00e9szettel egyar\u00e1nt foglalkoztam.<\/p>\n<p style=\"text-align: justify;\">A Magyar K\u00e9pz\u0151m\u0171v\u00e9szeti Egyetem fest\u0151 szak\u00e1n v\u00e9geztem \u00e9s az\u00f3ta f\u0151leg a fest\u00e9szet elm\u00e9leti filoz\u00f3fiai \u00e9s technikai k\u00e9rd\u00e9sei foglalkoztatnak. Egyfajta letisztults\u00e1g fel\u00e9 t\u00f6rekszem leg\u00fajabb munk\u00e1imban. A kor\u00e1bban is vissza-visszat\u00e9r\u0151 mot\u00edvumok most hangs\u00falyos szerepet kaptak. A hieroglifa-szer\u0171 pszeudo \u00edr\u00e1s sz\u00f6vet vagy mondhatn\u00e1m \u00fagyis, hogy \u0151si arhaikus vagy ak\u00e1r j\u00f6v\u0151beli ismeretlen kult\u00far\u00e1k jelk\u00e9prendszerei kollekt\u00edv tudatalatti el\u0151h\u00edv\u00e1s\u00e1ra tett k\u00eds\u00e9rletk\u00e9nt t\u0171nnek el\u0151, \u00fctk\u00f6ztetve vagy \u00e9ppen kit\u00f6ltve \u00e9s kieg\u00e9sz\u00fclve egy nagyon is konkr\u00e9t egzakt formai vil\u00e1ggal \u00e9s strukt\u00far\u00e1val, mintegy utalva l\u00e9tez\u00e9s\u00fcnk dualisztikus mivolt\u00e1ra \u00e9s t\u00f6bbr\u00e9t\u0171s\u00e9g\u00e9re.<\/p>\n<\/div><\/div><\/div><\/div><\/div><\/div><\/div><\/section><section class=\"l-section wpb_row height_medium\"><div class=\"l-section-h i-cf\"><div class=\"g-cols vc_row via_flex valign_top type_default stacking_default\" style=\"--additional-gap:3rem;\"><div class=\"vc_col-sm-12 wpb_column vc_column_container\"><div class=\"vc_column-inner\"><div class=\"wpb_wrapper\">[vc_custom_heading text=&#8221;Alkot\u00e1sai&#8221; font_container=&#8221;tag:h3|text_align:center&#8221; use_theme_fonts=&#8221;yes&#8221; css=&#8221;%7B%22default%22%3A%7B%22font-weight%22%3A%22700%22%7D%7D&#8221;]<\/div><\/div><\/div><div class=\"vc_col-sm-12 wpb_column vc_column_container\"><div class=\"vc_column-inner us_custom_5da283a8\"><div class=\"wpb_wrapper\"><div class=\"w-grid type_grid layout_portfolio_10 cols_3 valign_center with_css_animation ratio_1x1\" id=\"us_grid_1\" data-filterable=\"true\"><style>#us_grid_1 .w-grid-item{padding:0.5rem}#us_grid_1 .w-grid-list{margin:-0.5rem -0.5rem 0.5rem}.w-grid + #us_grid_1 .w-grid-list,.w-grid-none + #us_grid_1 .w-grid-list{margin-top:0.5rem}@media (max-width:768px){#us_grid_1 .w-grid-item{width:50%}#us_grid_1 .w-grid-item.size_2x1,#us_grid_1 .w-grid-item.size_2x2{width:100%}}@media (max-width:768px){#us_grid_1 .w-grid-list{margin:0}#us_grid_1 .w-grid-item{width:100%;padding:0;margin-bottom:0.5rem}}@media (min-width:768px){#us_grid_1 .w-post-elm.post_title{font-size:1em!important}}#us_grid_1 .w-grid-item-h:before{padding-bottom:100%}.layout_portfolio_10 .w-grid-item-h:before{padding-bottom:100%}@media (min-width:769px){.layout_portfolio_10 .w-grid-item.size_1x2 .w-grid-item-h:before{padding-bottom:calc(200% + 0.5rem + 0.5rem)}.layout_portfolio_10 .w-grid-item.size_2x1 .w-grid-item-h:before{padding-bottom:calc(50% - 0.5rem * 1)}.layout_portfolio_10 .w-grid-item.size_2x2 .w-grid-item-h:before{padding-bottom:calc(100% - 0.5rem * 0)}}.layout_portfolio_10 .w-grid-item-h{}.layout_portfolio_10 .usg_vwrapper_1{transition-duration:0.4s;transform-origin:50% 50%;transform:scale(1) translate(0%,0%);opacity:0}.layout_portfolio_10 .w-grid-item-h:hover .usg_vwrapper_1{transform:scale(1) translate(0%,0%);opacity:1}.layout_portfolio_10 .usg_post_title_1{transition-duration:0.35s;transform-origin:50% 50%;transform:scale(1) translate(0%,35%)}.layout_portfolio_10 .w-grid-item-h:hover .usg_post_title_1{transform:scale(1) translate(0%,0%);opacity:1}.layout_portfolio_10 .usg_post_taxonomy_1{transition-duration:0.35s;transform-origin:50% 50%;transform:scale(1) translate(0%,100%);opacity:0}.layout_portfolio_10 .w-grid-item-h:hover .usg_post_taxonomy_1{transform:scale(1) translate(0%,0%);opacity:0.75}.layout_portfolio_10 .usg_post_image_1{position:absolute!important;top:0!important;right:0!important;bottom:0!important;left:0!important}.layout_portfolio_10 .usg_vwrapper_1{position:absolute!important;right:0!important;bottom:-1px!important;left:0!important;background:linear-gradient(transparent,rgba(30,30,30,0.8))!important;padding:5rem 2rem 1.5rem 2rem!important}.layout_portfolio_10 .usg_post_title_1{color:#fff!important;font-size:1.4rem!important}.layout_portfolio_10 .usg_post_taxonomy_1{color:#fff!important;font-size:0.9rem!important}<\/style><div class=\"w-grid-list\">\t<article class=\"w-grid-item us_animate_afb post-14225 attachment type-attachment status-inherit hentry\" data-id=\"14225\" style=\"animation-delay:0s\">\n\t\t<div class=\"w-grid-item-h\">\n\t\t\t\t\t\t<div class=\"w-post-elm post_image usg_post_image_1 stretched\"><img loading=\"lazy\" decoding=\"async\" width=\"759\" height=\"1024\" src=\"https:\/\/artinoffice.org\/wp-content\/uploads\/2025\/03\/Mascaron-I._80x60_Horvath-Tamas-Istvan-759x1024.webp\" class=\"attachment-large size-large\" alt=\"\" srcset=\"https:\/\/artinoffice.org\/wp-content\/uploads\/2025\/03\/Mascaron-I._80x60_Horvath-Tamas-Istvan-759x1024.webp 759w, https:\/\/artinoffice.org\/wp-content\/uploads\/2025\/03\/Mascaron-I._80x60_Horvath-Tamas-Istvan-222x300.webp 222w, https:\/\/artinoffice.org\/wp-content\/uploads\/2025\/03\/Mascaron-I._80x60_Horvath-Tamas-Istvan-148x200.webp 148w, https:\/\/artinoffice.org\/wp-content\/uploads\/2025\/03\/Mascaron-I._80x60_Horvath-Tamas-Istvan-37x50.webp 37w, https:\/\/artinoffice.org\/wp-content\/uploads\/2025\/03\/Mascaron-I._80x60_Horvath-Tamas-Istvan.webp 800w\" sizes=\"auto, (max-width: 759px) 100vw, 759px\" \/><\/div><div class=\"w-vwrapper usg_vwrapper_1 align_none valign_top\"><h2 class=\"w-post-elm post_title usg_post_title_1 has_text_color entry-title color_link_inherit\">Mascaron I. (80cm x 60cm)<\/h2><\/div>\t\t<\/div>\n\t<\/article>\n\t<article class=\"w-grid-item us_animate_afb post-14226 attachment type-attachment status-inherit hentry\" data-id=\"14226\" style=\"animation-delay:0.1s\">\n\t\t<div class=\"w-grid-item-h\">\n\t\t\t\t\t\t<div class=\"w-post-elm post_image usg_post_image_1 stretched\"><img loading=\"lazy\" decoding=\"async\" width=\"752\" height=\"1024\" src=\"https:\/\/artinoffice.org\/wp-content\/uploads\/2025\/03\/Mascaron-II._80x60_Horvath-Tamas-Istvan-752x1024.webp\" class=\"attachment-large size-large\" alt=\"\" srcset=\"https:\/\/artinoffice.org\/wp-content\/uploads\/2025\/03\/Mascaron-II._80x60_Horvath-Tamas-Istvan-752x1024.webp 752w, https:\/\/artinoffice.org\/wp-content\/uploads\/2025\/03\/Mascaron-II._80x60_Horvath-Tamas-Istvan-220x300.webp 220w, https:\/\/artinoffice.org\/wp-content\/uploads\/2025\/03\/Mascaron-II._80x60_Horvath-Tamas-Istvan-147x200.webp 147w, https:\/\/artinoffice.org\/wp-content\/uploads\/2025\/03\/Mascaron-II._80x60_Horvath-Tamas-Istvan-37x50.webp 37w, https:\/\/artinoffice.org\/wp-content\/uploads\/2025\/03\/Mascaron-II._80x60_Horvath-Tamas-Istvan.webp 793w\" sizes=\"auto, (max-width: 752px) 100vw, 752px\" \/><\/div><div class=\"w-vwrapper usg_vwrapper_1 align_none valign_top\"><h2 class=\"w-post-elm post_title usg_post_title_1 has_text_color entry-title color_link_inherit\">Mascaron II. (80cm x 60cm)<\/h2><\/div>\t\t<\/div>\n\t<\/article>\n\t<article class=\"w-grid-item us_animate_afb post-14227 attachment type-attachment status-inherit hentry\" data-id=\"14227\" style=\"animation-delay:0.2s\">\n\t\t<div class=\"w-grid-item-h\">\n\t\t\t\t\t\t<div class=\"w-post-elm post_image usg_post_image_1 stretched\"><img loading=\"lazy\" decoding=\"async\" width=\"759\" height=\"1024\" src=\"https:\/\/artinoffice.org\/wp-content\/uploads\/2025\/03\/Mascaron-III.-_-80x60_Horvath-Tamas-Istvan-759x1024.webp\" class=\"attachment-large size-large\" alt=\"\" srcset=\"https:\/\/artinoffice.org\/wp-content\/uploads\/2025\/03\/Mascaron-III.-_-80x60_Horvath-Tamas-Istvan-759x1024.webp 759w, https:\/\/artinoffice.org\/wp-content\/uploads\/2025\/03\/Mascaron-III.-_-80x60_Horvath-Tamas-Istvan-222x300.webp 222w, https:\/\/artinoffice.org\/wp-content\/uploads\/2025\/03\/Mascaron-III.-_-80x60_Horvath-Tamas-Istvan-148x200.webp 148w, https:\/\/artinoffice.org\/wp-content\/uploads\/2025\/03\/Mascaron-III.-_-80x60_Horvath-Tamas-Istvan-37x50.webp 37w, https:\/\/artinoffice.org\/wp-content\/uploads\/2025\/03\/Mascaron-III.-_-80x60_Horvath-Tamas-Istvan.webp 800w\" sizes=\"auto, (max-width: 759px) 100vw, 759px\" \/><\/div><div class=\"w-vwrapper usg_vwrapper_1 align_none valign_top\"><h2 class=\"w-post-elm post_title usg_post_title_1 has_text_color entry-title color_link_inherit\">Mascaron III. (80cm x 60cm)<\/h2><\/div>\t\t<\/div>\n\t<\/article>\n<\/div><div class=\"w-grid-preloader\"><div class=\"g-preloader type_1\">\n\t<div><\/div>\n<\/div>\n<\/div>\t<div class=\"w-grid-json hidden\" onclick='return {&quot;action&quot;:&quot;us_ajax_grid&quot;,&quot;ajax_url&quot;:&quot;https:\\\/\\\/artinoffice.org\\\/wp-admin\\\/admin-ajax.php&quot;,&quot;infinite_scroll&quot;:0,&quot;max_num_pages&quot;:1,&quot;pagination&quot;:&quot;infinite&quot;,&quot;permalink_url&quot;:&quot;https:\\\/\\\/artinoffice.org\\\/hu\\\/wp-json\\\/wp\\\/v2\\\/posts\\\/14173\\\/&quot;,&quot;template_vars&quot;:{&quot;columns&quot;:&quot;3&quot;,&quot;exclude_items&quot;:&quot;none&quot;,&quot;img_size&quot;:&quot;default&quot;,&quot;ignore_items_size&quot;:0,&quot;items_layout&quot;:&quot;portfolio_10&quot;,&quot;items_offset&quot;:&quot;1&quot;,&quot;load_animation&quot;:&quot;afb&quot;,&quot;overriding_link&quot;:&quot;none&quot;,&quot;post_id&quot;:0,&quot;query_args&quot;:{&quot;post_type&quot;:[&quot;attachment&quot;],&quot;post__in&quot;:[&quot;14225&quot;,&quot;14226&quot;,&quot;14227&quot;],&quot;post_status&quot;:&quot;inherit&quot;,&quot;post_mime_type&quot;:&quot;image&quot;,&quot;posts_per_page&quot;:&quot;3&quot;},&quot;orderby_query_args&quot;:{&quot;orderby&quot;:{&quot;title&quot;:&quot;ASC&quot;},&quot;order&quot;:&quot;ASC&quot;},&quot;type&quot;:&quot;grid&quot;,&quot;us_grid_ajax_index&quot;:1,&quot;us_grid_filter_params&quot;:null,&quot;us_grid_index&quot;:1,&quot;_us_grid_post_type&quot;:&quot;attachment&quot;,&quot;page_args&quot;:[]}}'><\/div>\n\t<\/div><\/div><\/div><\/div><div class=\"vc_col-sm-12 wpb_column vc_column_container\"><div class=\"vc_column-inner\"><div class=\"wpb_wrapper\">[vc_custom_heading text=&#8221;Kapcsolat&#8221; font_container=&#8221;tag:h3|text_align:center&#8221; use_theme_fonts=&#8221;yes&#8221; css=&#8221;%7B%22default%22%3A%7B%22font-weight%22%3A%22700%22%7D%7D&#8221;]<div class=\"wpb_text_column us_custom_eb849559\"><div class=\"wpb_wrapper\"><p><strong>Tel.:<\/strong>\u00a0<a href=\"tel:0036202512084\">+36 20 251 2084<\/a><br \/>\n<strong>Email:<\/strong>\u00a0<a href=\"mailto:htiart@hotmail.com\">htiart@hotmail.com<\/a><br \/>\n<strong><a href=\"https:\/\/instagram.com\/htiart\/\">Instagram\u00a0<\/a><\/strong><a href=\"https:\/\/instagram.com\/htiart\/\">&gt;&gt;<\/a><\/p>\n<\/div><\/div><\/div><\/div><\/div><\/div><\/div><\/section>\n","protected":false},"excerpt":{"rendered":"","protected":false},"author":123457,"featured_media":10830,"comment_status":"closed","ping_status":"closed","sticky":false,"template":"","format":"standard","meta":{"_acf_changed":false,"footnotes":""},"categories":[83],"tags":[],"class_list":["post-14173","post","type-post","status-publish","format-standard","has-post-thumbnail","hentry","category-artist"],"acf":[],"yoast_head":"<!-- This site is optimized with the Yoast SEO plugin v24.7 - https:\/\/yoast.com\/wordpress\/plugins\/seo\/ -->\n<title>M\u0171v\u00e9szek | Horv\u00e1th Tam\u00e1s Istv\u00e1n<\/title>\n<meta name=\"description\" content=\"K\u00eds\u00e9rletez\u0151 alkatk\u00e9nt k\u00fcl\u00f6nb\u00f6z\u0151 technik\u00e1kat, l\u00e1t\u00e1sm\u00f3dokat volt szerencs\u00e9m kipr\u00f3b\u00e1lni a hossz\u00fa \u00e9vek sor\u00e1n.Tanulm\u00e1nyaim alatt ...\" \/>\n<meta name=\"robots\" content=\"index, follow, max-snippet:-1, max-image-preview:large, max-video-preview:-1\" \/>\n<link rel=\"canonical\" href=\"https:\/\/artinoffice.org\/hu\/2025\/03\/10\/horvath-tamas-istvan\/\" \/>\n<meta property=\"og:locale\" content=\"hu_HU\" \/>\n<meta property=\"og:type\" content=\"article\" \/>\n<meta property=\"og:title\" content=\"M\u0171v\u00e9szek | Horv\u00e1th Tam\u00e1s Istv\u00e1n\" \/>\n<meta property=\"og:description\" content=\"K\u00eds\u00e9rletez\u0151 alkatk\u00e9nt k\u00fcl\u00f6nb\u00f6z\u0151 technik\u00e1kat, l\u00e1t\u00e1sm\u00f3dokat volt szerencs\u00e9m kipr\u00f3b\u00e1lni a hossz\u00fa \u00e9vek sor\u00e1n.Tanulm\u00e1nyaim alatt ...\" \/>\n<meta property=\"og:url\" content=\"https:\/\/artinoffice.org\/hu\/2025\/03\/10\/horvath-tamas-istvan\/\" \/>\n<meta property=\"og:site_name\" content=\"ARTinOFFICE\" \/>\n<meta property=\"article:publisher\" content=\"https:\/\/www.facebook.com\/artofinfo\/\" \/>\n<meta property=\"article:published_time\" content=\"2025-03-10T09:17:15+00:00\" \/>\n<meta property=\"article:modified_time\" content=\"2025-03-12T11:32:40+00:00\" \/>\n<meta property=\"og:image\" content=\"https:\/\/artinoffice.org\/wp-content\/uploads\/2023\/11\/portrait-horvath-tamas-istvan.jpg\" \/>\n\t<meta property=\"og:image:width\" content=\"250\" \/>\n\t<meta property=\"og:image:height\" content=\"250\" \/>\n\t<meta property=\"og:image:type\" content=\"image\/jpeg\" \/>\n<meta name=\"author\" content=\"Attila Asz\u00f3di\" \/>\n<meta name=\"twitter:card\" content=\"summary_large_image\" \/>\n<meta name=\"twitter:label1\" content=\"Szerz\u0151:\" \/>\n\t<meta name=\"twitter:data1\" content=\"Attila Asz\u00f3di\" \/>\n\t<meta name=\"twitter:label2\" content=\"Becs\u00fclt olvas\u00e1si id\u0151\" \/>\n\t<meta name=\"twitter:data2\" content=\"2 perc\" \/>\n<script type=\"application\/ld+json\" class=\"yoast-schema-graph\">{\"@context\":\"https:\/\/schema.org\",\"@graph\":[{\"@type\":\"Article\",\"@id\":\"https:\/\/artinoffice.org\/hu\/2025\/03\/10\/horvath-tamas-istvan\/#article\",\"isPartOf\":{\"@id\":\"https:\/\/artinoffice.org\/hu\/2025\/03\/10\/horvath-tamas-istvan\/\"},\"author\":{\"name\":\"Attila Asz\u00f3di\",\"@id\":\"\/#\/schema\/person\/4dbca17dd766f35195cde17ef7593e20\"},\"headline\":\"Horv\u00e1th Tam\u00e1s Istv\u00e1n\",\"datePublished\":\"2025-03-10T09:17:15+00:00\",\"dateModified\":\"2025-03-12T11:32:40+00:00\",\"mainEntityOfPage\":{\"@id\":\"https:\/\/artinoffice.org\/hu\/2025\/03\/10\/horvath-tamas-istvan\/\"},\"wordCount\":446,\"publisher\":{\"@id\":\"\/#organization\"},\"image\":{\"@id\":\"https:\/\/artinoffice.org\/hu\/2025\/03\/10\/horvath-tamas-istvan\/#primaryimage\"},\"thumbnailUrl\":\"https:\/\/artinoffice.org\/wp-content\/uploads\/2023\/11\/portrait-horvath-tamas-istvan.jpg\",\"articleSection\":[\"Artist\"],\"inLanguage\":\"hu\"},{\"@type\":\"WebPage\",\"@id\":\"https:\/\/artinoffice.org\/hu\/2025\/03\/10\/horvath-tamas-istvan\/\",\"url\":\"https:\/\/artinoffice.org\/hu\/2025\/03\/10\/horvath-tamas-istvan\/\",\"name\":\"M\u0171v\u00e9szek | Horv\u00e1th Tam\u00e1s Istv\u00e1n\",\"isPartOf\":{\"@id\":\"\/#website\"},\"primaryImageOfPage\":{\"@id\":\"https:\/\/artinoffice.org\/hu\/2025\/03\/10\/horvath-tamas-istvan\/#primaryimage\"},\"image\":{\"@id\":\"https:\/\/artinoffice.org\/hu\/2025\/03\/10\/horvath-tamas-istvan\/#primaryimage\"},\"thumbnailUrl\":\"https:\/\/artinoffice.org\/wp-content\/uploads\/2023\/11\/portrait-horvath-tamas-istvan.jpg\",\"datePublished\":\"2025-03-10T09:17:15+00:00\",\"dateModified\":\"2025-03-12T11:32:40+00:00\",\"description\":\"K\u00eds\u00e9rletez\u0151 alkatk\u00e9nt k\u00fcl\u00f6nb\u00f6z\u0151 technik\u00e1kat, l\u00e1t\u00e1sm\u00f3dokat volt szerencs\u00e9m kipr\u00f3b\u00e1lni a hossz\u00fa \u00e9vek sor\u00e1n.Tanulm\u00e1nyaim alatt ...\",\"breadcrumb\":{\"@id\":\"https:\/\/artinoffice.org\/hu\/2025\/03\/10\/horvath-tamas-istvan\/#breadcrumb\"},\"inLanguage\":\"hu\",\"potentialAction\":[{\"@type\":\"ReadAction\",\"target\":[\"https:\/\/artinoffice.org\/hu\/2025\/03\/10\/horvath-tamas-istvan\/\"]}]},{\"@type\":\"ImageObject\",\"inLanguage\":\"hu\",\"@id\":\"https:\/\/artinoffice.org\/hu\/2025\/03\/10\/horvath-tamas-istvan\/#primaryimage\",\"url\":\"https:\/\/artinoffice.org\/wp-content\/uploads\/2023\/11\/portrait-horvath-tamas-istvan.jpg\",\"contentUrl\":\"https:\/\/artinoffice.org\/wp-content\/uploads\/2023\/11\/portrait-horvath-tamas-istvan.jpg\",\"width\":250,\"height\":250},{\"@type\":\"BreadcrumbList\",\"@id\":\"https:\/\/artinoffice.org\/hu\/2025\/03\/10\/horvath-tamas-istvan\/#breadcrumb\",\"itemListElement\":[{\"@type\":\"ListItem\",\"position\":1,\"name\":\"Home\",\"item\":\"https:\/\/artinoffice.org\/hu\/\"},{\"@type\":\"ListItem\",\"position\":2,\"name\":\"Horv\u00e1th Tam\u00e1s Istv\u00e1n\"}]},{\"@type\":\"WebSite\",\"@id\":\"\/#website\",\"url\":\"\/\",\"name\":\"artofinfo\",\"description\":\"\",\"publisher\":{\"@id\":\"\/#organization\"},\"potentialAction\":[{\"@type\":\"SearchAction\",\"target\":{\"@type\":\"EntryPoint\",\"urlTemplate\":\"\/?s={search_term_string}\"},\"query-input\":{\"@type\":\"PropertyValueSpecification\",\"valueRequired\":true,\"valueName\":\"search_term_string\"}}],\"inLanguage\":\"hu\"},{\"@type\":\"Organization\",\"@id\":\"\/#organization\",\"name\":\"ARTofINFO Kft.\",\"url\":\"\/\",\"logo\":{\"@type\":\"ImageObject\",\"inLanguage\":\"hu\",\"@id\":\"\/#\/schema\/logo\/image\/\",\"url\":\"http:\/\/artinoffice.org\/wp-content\/uploads\/2023\/09\/artofinfo_logo_website.svg\",\"contentUrl\":\"http:\/\/artinoffice.org\/wp-content\/uploads\/2023\/09\/artofinfo_logo_website.svg\",\"width\":\"1024\",\"height\":\"1024\",\"caption\":\"ARTofINFO Kft.\"},\"image\":{\"@id\":\"\/#\/schema\/logo\/image\/\"},\"sameAs\":[\"https:\/\/www.facebook.com\/artofinfo\/\",\"https:\/\/www.instagram.com\/artofinfokft\/\",\"https:\/\/hu.linkedin.com\/company\/artofinfo\",\"https:\/\/dreamjobs.hu\/hu\/company\/artofinfo-kft\"]},{\"@type\":\"Person\",\"@id\":\"\/#\/schema\/person\/4dbca17dd766f35195cde17ef7593e20\",\"name\":\"Attila Asz\u00f3di\",\"image\":{\"@type\":\"ImageObject\",\"inLanguage\":\"hu\",\"@id\":\"\/#\/schema\/person\/image\/\",\"url\":\"https:\/\/secure.gravatar.com\/avatar\/1025b68d3a30961f3cca6b1d6a6ac56c?s=96&d=mm&r=g\",\"contentUrl\":\"https:\/\/secure.gravatar.com\/avatar\/1025b68d3a30961f3cca6b1d6a6ac56c?s=96&d=mm&r=g\",\"caption\":\"Attila Asz\u00f3di\"},\"url\":\"https:\/\/artinoffice.org\/hu\/author\/attila-aszodi\/\"}]}<\/script>\n<!-- \/ Yoast SEO plugin. -->","yoast_head_json":{"title":"M\u0171v\u00e9szek | Horv\u00e1th Tam\u00e1s Istv\u00e1n","description":"K\u00eds\u00e9rletez\u0151 alkatk\u00e9nt k\u00fcl\u00f6nb\u00f6z\u0151 technik\u00e1kat, l\u00e1t\u00e1sm\u00f3dokat volt szerencs\u00e9m kipr\u00f3b\u00e1lni a hossz\u00fa \u00e9vek sor\u00e1n.Tanulm\u00e1nyaim alatt ...","robots":{"index":"index","follow":"follow","max-snippet":"max-snippet:-1","max-image-preview":"max-image-preview:large","max-video-preview":"max-video-preview:-1"},"canonical":"https:\/\/artinoffice.org\/hu\/2025\/03\/10\/horvath-tamas-istvan\/","og_locale":"hu_HU","og_type":"article","og_title":"M\u0171v\u00e9szek | Horv\u00e1th Tam\u00e1s Istv\u00e1n","og_description":"K\u00eds\u00e9rletez\u0151 alkatk\u00e9nt k\u00fcl\u00f6nb\u00f6z\u0151 technik\u00e1kat, l\u00e1t\u00e1sm\u00f3dokat volt szerencs\u00e9m kipr\u00f3b\u00e1lni a hossz\u00fa \u00e9vek sor\u00e1n.Tanulm\u00e1nyaim alatt ...","og_url":"https:\/\/artinoffice.org\/hu\/2025\/03\/10\/horvath-tamas-istvan\/","og_site_name":"ARTinOFFICE","article_publisher":"https:\/\/www.facebook.com\/artofinfo\/","article_published_time":"2025-03-10T09:17:15+00:00","article_modified_time":"2025-03-12T11:32:40+00:00","og_image":[{"width":250,"height":250,"url":"https:\/\/artinoffice.org\/wp-content\/uploads\/2023\/11\/portrait-horvath-tamas-istvan.jpg","type":"image\/jpeg"}],"author":"Attila Asz\u00f3di","twitter_card":"summary_large_image","twitter_misc":{"Szerz\u0151:":"Attila Asz\u00f3di","Becs\u00fclt olvas\u00e1si id\u0151":"2 perc"},"schema":{"@context":"https:\/\/schema.org","@graph":[{"@type":"Article","@id":"https:\/\/artinoffice.org\/hu\/2025\/03\/10\/horvath-tamas-istvan\/#article","isPartOf":{"@id":"https:\/\/artinoffice.org\/hu\/2025\/03\/10\/horvath-tamas-istvan\/"},"author":{"name":"Attila Asz\u00f3di","@id":"\/#\/schema\/person\/4dbca17dd766f35195cde17ef7593e20"},"headline":"Horv\u00e1th Tam\u00e1s Istv\u00e1n","datePublished":"2025-03-10T09:17:15+00:00","dateModified":"2025-03-12T11:32:40+00:00","mainEntityOfPage":{"@id":"https:\/\/artinoffice.org\/hu\/2025\/03\/10\/horvath-tamas-istvan\/"},"wordCount":446,"publisher":{"@id":"\/#organization"},"image":{"@id":"https:\/\/artinoffice.org\/hu\/2025\/03\/10\/horvath-tamas-istvan\/#primaryimage"},"thumbnailUrl":"https:\/\/artinoffice.org\/wp-content\/uploads\/2023\/11\/portrait-horvath-tamas-istvan.jpg","articleSection":["Artist"],"inLanguage":"hu"},{"@type":"WebPage","@id":"https:\/\/artinoffice.org\/hu\/2025\/03\/10\/horvath-tamas-istvan\/","url":"https:\/\/artinoffice.org\/hu\/2025\/03\/10\/horvath-tamas-istvan\/","name":"M\u0171v\u00e9szek | Horv\u00e1th Tam\u00e1s Istv\u00e1n","isPartOf":{"@id":"\/#website"},"primaryImageOfPage":{"@id":"https:\/\/artinoffice.org\/hu\/2025\/03\/10\/horvath-tamas-istvan\/#primaryimage"},"image":{"@id":"https:\/\/artinoffice.org\/hu\/2025\/03\/10\/horvath-tamas-istvan\/#primaryimage"},"thumbnailUrl":"https:\/\/artinoffice.org\/wp-content\/uploads\/2023\/11\/portrait-horvath-tamas-istvan.jpg","datePublished":"2025-03-10T09:17:15+00:00","dateModified":"2025-03-12T11:32:40+00:00","description":"K\u00eds\u00e9rletez\u0151 alkatk\u00e9nt k\u00fcl\u00f6nb\u00f6z\u0151 technik\u00e1kat, l\u00e1t\u00e1sm\u00f3dokat volt szerencs\u00e9m kipr\u00f3b\u00e1lni a hossz\u00fa \u00e9vek sor\u00e1n.Tanulm\u00e1nyaim alatt ...","breadcrumb":{"@id":"https:\/\/artinoffice.org\/hu\/2025\/03\/10\/horvath-tamas-istvan\/#breadcrumb"},"inLanguage":"hu","potentialAction":[{"@type":"ReadAction","target":["https:\/\/artinoffice.org\/hu\/2025\/03\/10\/horvath-tamas-istvan\/"]}]},{"@type":"ImageObject","inLanguage":"hu","@id":"https:\/\/artinoffice.org\/hu\/2025\/03\/10\/horvath-tamas-istvan\/#primaryimage","url":"https:\/\/artinoffice.org\/wp-content\/uploads\/2023\/11\/portrait-horvath-tamas-istvan.jpg","contentUrl":"https:\/\/artinoffice.org\/wp-content\/uploads\/2023\/11\/portrait-horvath-tamas-istvan.jpg","width":250,"height":250},{"@type":"BreadcrumbList","@id":"https:\/\/artinoffice.org\/hu\/2025\/03\/10\/horvath-tamas-istvan\/#breadcrumb","itemListElement":[{"@type":"ListItem","position":1,"name":"Home","item":"https:\/\/artinoffice.org\/hu\/"},{"@type":"ListItem","position":2,"name":"Horv\u00e1th Tam\u00e1s Istv\u00e1n"}]},{"@type":"WebSite","@id":"\/#website","url":"\/","name":"artofinfo","description":"","publisher":{"@id":"\/#organization"},"potentialAction":[{"@type":"SearchAction","target":{"@type":"EntryPoint","urlTemplate":"\/?s={search_term_string}"},"query-input":{"@type":"PropertyValueSpecification","valueRequired":true,"valueName":"search_term_string"}}],"inLanguage":"hu"},{"@type":"Organization","@id":"\/#organization","name":"ARTofINFO Kft.","url":"\/","logo":{"@type":"ImageObject","inLanguage":"hu","@id":"\/#\/schema\/logo\/image\/","url":"http:\/\/artinoffice.org\/wp-content\/uploads\/2023\/09\/artofinfo_logo_website.svg","contentUrl":"http:\/\/artinoffice.org\/wp-content\/uploads\/2023\/09\/artofinfo_logo_website.svg","width":"1024","height":"1024","caption":"ARTofINFO Kft."},"image":{"@id":"\/#\/schema\/logo\/image\/"},"sameAs":["https:\/\/www.facebook.com\/artofinfo\/","https:\/\/www.instagram.com\/artofinfokft\/","https:\/\/hu.linkedin.com\/company\/artofinfo","https:\/\/dreamjobs.hu\/hu\/company\/artofinfo-kft"]},{"@type":"Person","@id":"\/#\/schema\/person\/4dbca17dd766f35195cde17ef7593e20","name":"Attila Asz\u00f3di","image":{"@type":"ImageObject","inLanguage":"hu","@id":"\/#\/schema\/person\/image\/","url":"https:\/\/secure.gravatar.com\/avatar\/1025b68d3a30961f3cca6b1d6a6ac56c?s=96&d=mm&r=g","contentUrl":"https:\/\/secure.gravatar.com\/avatar\/1025b68d3a30961f3cca6b1d6a6ac56c?s=96&d=mm&r=g","caption":"Attila Asz\u00f3di"},"url":"https:\/\/artinoffice.org\/hu\/author\/attila-aszodi\/"}]}},"_links":{"self":[{"href":"https:\/\/artinoffice.org\/hu\/wp-json\/wp\/v2\/posts\/14173","targetHints":{"allow":["GET"]}}],"collection":[{"href":"https:\/\/artinoffice.org\/hu\/wp-json\/wp\/v2\/posts"}],"about":[{"href":"https:\/\/artinoffice.org\/hu\/wp-json\/wp\/v2\/types\/post"}],"author":[{"embeddable":true,"href":"https:\/\/artinoffice.org\/hu\/wp-json\/wp\/v2\/users\/123457"}],"replies":[{"embeddable":true,"href":"https:\/\/artinoffice.org\/hu\/wp-json\/wp\/v2\/comments?post=14173"}],"version-history":[{"count":5,"href":"https:\/\/artinoffice.org\/hu\/wp-json\/wp\/v2\/posts\/14173\/revisions"}],"predecessor-version":[{"id":14305,"href":"https:\/\/artinoffice.org\/hu\/wp-json\/wp\/v2\/posts\/14173\/revisions\/14305"}],"wp:featuredmedia":[{"embeddable":true,"href":"https:\/\/artinoffice.org\/hu\/wp-json\/wp\/v2\/media\/10830"}],"wp:attachment":[{"href":"https:\/\/artinoffice.org\/hu\/wp-json\/wp\/v2\/media?parent=14173"}],"wp:term":[{"taxonomy":"category","embeddable":true,"href":"https:\/\/artinoffice.org\/hu\/wp-json\/wp\/v2\/categories?post=14173"},{"taxonomy":"post_tag","embeddable":true,"href":"https:\/\/artinoffice.org\/hu\/wp-json\/wp\/v2\/tags?post=14173"}],"curies":[{"name":"wp","href":"https:\/\/api.w.org\/{rel}","templated":true}]}}